{"id":1210,"date":"2008-07-12T19:33:00","date_gmt":"2008-07-12T17:33:00","guid":{"rendered":"http:\/\/www.heljesten.nu\/?p=1210"},"modified":"2008-07-12T19:33:00","modified_gmt":"2008-07-12T17:33:00","slug":"forsta-aret-med-kasper","status":"publish","type":"post","link":"http:\/\/www.heljesten.nu\/?p=1210","title":{"rendered":"F\u00f6rsta \u00e5ret med Kasper"},"content":{"rendered":"<p>Ja, vi \u00e4r ju inte riktigt d\u00e4r \u00e4n, han kom till oss 18 augusti f\u00f6rra \u00e5ret. Men jag r\u00e5kade bl\u00e4ddra lite i en bunt gamla hundtidningar och fick syn p\u00e5 en artikel om dsg i nr 6\/2006 av H\u00e4rliga hund. Den tidningen m\u00e5ste jag ha efterk\u00f6pt ett \u00e5r senare f\u00f6r att l\u00e4ra mig mer om rasen, gissningsvis i slutet av juni 2007, runt Kaspers f\u00f6delsedag. Hittade n\u00e4mligen en gammal lapp d\u00e4ri med olika f\u00f6rslag p\u00e5 hundnamn till v\u00e5r lille valp\u2026 I alla fall finns d\u00e4r bland annat en spalt med fr\u00e5gor till Anne Hansson, valpf\u00f6rmedlare hos rasklubben f\u00f6r dsg. Lite tankv\u00e4rt (n\u00e5got avkortat ur tidningen)\u2026<\/p>\n<p><img decoding=\"async\" id=\"BLOGGER_PHOTO_ID_5222198281327385938\" style=\"DISPLAY: block; MARGIN: 0px auto 10px; CURSOR: hand; TEXT-ALIGN: center\" alt=\"\" src=\"http:\/\/bp1.blogger.com\/_GkK1i6dbjdc\/SHj5qyEsnVI\/AAAAAAAAAkA\/nQ1B6aHjKIQ\/s400\/_MG_1331.jpg\" border=\"0\" \/><br \/><strong>Fr\u00e5ga<\/strong>: Passar dsg som f\u00f6rstahund?<br \/><strong>Svar<\/strong>: B\u00e5de ja och nej. Dsg kan vara v\u00e4ldigt olika som individer. F\u00e5r du en kr\u00e4vande hund blir svaret nej. F\u00e5r du en l\u00e4ttare, mer f\u00f6ljsam valp \u00e4r svaret ja. Jag bed\u00f6mer att ca 75 % av alla dsg idag tillh\u00f6r den enklare varianten.<br \/><strong>Min kommentar<\/strong>: Jag tror absolut att hon skulle klassa in Kasper i de resterande 25 %. Han har inte varit enkel, eller r\u00e4ttare sagt: de saker han har gillat att g\u00f6ra har han varit v\u00e4ldigt enkel, l\u00e4ttl\u00e4rd och lyh\u00f6rd p\u00e5. Saker han inte tycker \u00e4r intressanta har varit ett stor tragglande och k\u00e4mpande f\u00f6r att f\u00e5 r\u00e4tsida p\u00e5. Till dessa h\u00f6r marknosande, koppelg\u00e5ende, inkallning i alla l\u00e4gen (inte bara n\u00e4r han vill).<br \/><strong>Fr\u00e5ga<\/strong>: Hur \u00e4r jaktintresset? Kan en nyb\u00f6rjare f\u00e5 problem?<br \/><strong>Svar<\/strong>: Ja. F\u00e5r du en av de individer som har ett medf\u00f6tt stort jaktintresse l\u00e4r den intressera sig f\u00f6r annat vilt \u00e4n bara m\u00f6ss och andra gnagare. En s\u00e5dan hund kr\u00e4ver mycket av sin \u00e4gare. Jag har egen erfarenhet av det. Det tog fem \u00e5r innan jag fick s\u00e5dan lydnad p\u00e5 en av mina hundra att jag kunde stoppa honom n\u00e4r han b\u00f6rjat jaga vilt. Men de flesta g\u00e5rdshundar intresserar sig bara f\u00f6r gnagare, hos dem blir inte jaktlusten ett problem.<br \/><strong>Min kommentar<\/strong>: Kasper har ju bevisligen dragit iv\u00e4g p\u00e5 r\u00e5djur en g\u00e5ng och en annan g\u00e5ng varit borta i skogen ca en kvart, och kommit tillbaka r\u00e4tt utpumpad. Min bed\u00f6mning \u00e4r att han h\u00f6r till dem som har jaktintresse, och det st\u00e4mmer r\u00e4tt bra med nosivern och att han \u00e4r kr\u00e4vande. Det absoluta flertalet andra dsg jag tr\u00e4ffat har varit mycket mer lyh\u00f6rda och k\u00e4nsliga \u00e4n vad Kasper \u00e4r. Rasen \u00e4r r\u00e4tt ohomogen \u00e4nnu, har ju inte avlats metodiskt s\u00e5 himla l\u00e4nge.<br \/><img decoding=\"async\" id=\"BLOGGER_PHOTO_ID_5222198303647079266\" style=\"DISPLAY: block; MARGIN: 0px auto 10px; CURSOR: hand; TEXT-ALIGN: center\" alt=\"\" src=\"http:\/\/bp2.blogger.com\/_GkK1i6dbjdc\/SHj5sFOIG2I\/AAAAAAAAAkQ\/jtXS-0_IOmc\/s400\/_MG_1429_edited-1.jpg\" border=\"0\" \/><br \/>I artikeln intill s\u00e4ger Monika Pettersson att rasen \u00e4r ganska k\u00e4nslig mentalt, det kr\u00e4vs inga h\u00e5rda nypor och h\u00f6ga r\u00f6ster. De \u00e4r k\u00e4nsliga f\u00f6r b\u00e5de ljud och tecken, tar man i f\u00f6r h\u00e5rt kan man kn\u00e4cka en s\u00e5n h\u00e4r hund. Men tar man det lugnt och f\u00f6rsiktigt f\u00e5r man en hund som f\u00f6ljer en vart man g\u00e5r.<br \/><strong>Min kommentar<\/strong>: Det var s\u00e5 jag b\u00f6rjade\u2026 det bet inte alls p\u00e5 Kasper. F\u00f6rst n\u00e4r jag b\u00f6rjat p\u00e5 kurs i Fr\u00f6sunda med arg r\u00f6st och lite tuffare tag s\u00e5 b\u00f6rjade han fatta vem som best\u00e4mde. Nu har vi kommit l\u00e5ngt, \u00e4ven om vi inte alls \u00e4r f\u00e4rdiga med grundlydnaden. Han \u00e4r en kanonkul hund, men han kr\u00e4ver en hel del. Sen \u00e4r jag ju f\u00f6rstag\u00e5ngs\u00e4gare, och har s\u00e4kert gjort en del misstag och tagit en del omv\u00e4gar. <\/p>\n<p>En sammanfattning av \u00e5ret som g\u00e5tt och \u00e5ret som kommer:<\/p>\n<p><strong><span style=\"color:#006600;\">Sex kurser under \u00e5ret<\/span><\/strong><br \/>3 hos Cattlin (valp, forts\u00e4ttning, ringtr\u00e4ning)<br \/>1 p\u00e5 VaBK (allm\u00e4nlydnad)<br \/>2 i Fr\u00f6sunda baserat p\u00e5 r\u00f6sten (Steg 1, Steg 2)<\/p>\n<p>Dessutom har jag st\u00e4llt ut honom en g\u00e5ng hittills p\u00e5 stora Circuiten i Almare-St\u00e4ket. Har planer p\u00e5 att \u00e5ka ned till Tollarp ocks\u00e5 om n\u00e5gra veckor, sen kanske h\u00e4r lokalt i Vallentuna. Sen f\u00e5r det nog r\u00e4cka med utst\u00e4llningar f\u00f6r hans del.<br \/><img decoding=\"async\" id=\"BLOGGER_PHOTO_ID_5222198310639034178\" style=\"DISPLAY: block; MARGIN: 0px auto 10px; CURSOR: hand; TEXT-ALIGN: center\" alt=\"\" src=\"http:\/\/bp3.blogger.com\/_GkK1i6dbjdc\/SHj5sfRI30I\/AAAAAAAAAkY\/3S6ebnDUO6E\/s400\/_MG_1432_redigerad-1.jpg\" border=\"0\" \/><em>Jag vet att jag inte f\u00e5r ta godiset, matte. Men sugen \u00e4r jag&#8230; Ska vi inte hoppa hinder snart, s\u00e5 jag f\u00e5r min bel\u00f6ning?<\/em><br \/><em><br \/><\/em><strong><span style=\"color:#006600;\">Sex positiva ord som k\u00e4nnetecknar Kasper<br \/><\/span><\/strong>Kelig, glad, social, soldyrkande, f\u00f6rem\u00e5lsintresserad livsnjutare<\/p>\n<p><strong><span style=\"color:#006600;\">Sex negativa ord som k\u00e4nnetecknar Kasper<br \/><\/span><\/strong>Egensinnig, dominant, envis, gr\u00e4smattegr\u00e4vande, nosintensiv superintegritet<br \/><img decoding=\"async\" id=\"BLOGGER_PHOTO_ID_5222198300908627266\" style=\"DISPLAY: block; MARGIN: 0px auto 10px; CURSOR: hand; TEXT-ALIGN: center\" alt=\"\" src=\"http:\/\/bp3.blogger.com\/_GkK1i6dbjdc\/SHj5r7BOpUI\/AAAAAAAAAkI\/dZsaNPabKIY\/s400\/_MG_1386.jpg\" border=\"0\" \/><br \/><strong><span style=\"color:#006600;\">Sex ord f\u00f6r n\u00e4sta \u00e5r med Kasper<br \/><\/span>Sp\u00e5r<\/strong> \u2013 bra f\u00f6r hans nosintresse och verkar vara en kul gren<br \/><strong>Agility<\/strong> \u2013 han verkar \u00e4lska det; stor risk att han blir b\u00e4ttre \u00e4n matte<br \/><strong>Simning<\/strong> \u2013 vill ju att han ska l\u00e4ra sig gilla vatten<br \/><strong>MH<\/strong> \u2013 vore kul att g\u00f6ra en mentalbeskrivning p\u00e5 honom<br \/><strong>Av\/P\u00e5-knapp<\/strong> \u2013 skulle sitta fint; han beh\u00f6ver \u00f6va mer i att koppla av n\u00e4r inget s\u00e4rskilt h\u00e4nder<br \/><strong>Hundar<\/strong> \u2013 han beh\u00f6ver l\u00e4ra sig att inte varva upp p\u00e5 hundratjugo s\u00e5 fort det finns andra hundar i n\u00e4rheten<\/p>\n","protected":false},"excerpt":{"rendered":"<p>Ja, vi \u00e4r ju inte riktigt d\u00e4r \u00e4n, han kom till oss 18 augusti f\u00f6rra \u00e5ret. Men jag r\u00e5kade bl\u00e4ddra lite i en bunt gamla hundtidningar och fick syn p\u00e5 en artikel om dsg i nr 6\/2006 av H\u00e4rliga hund. Den tidningen m\u00e5ste jag ha efterk\u00f6pt ett \u00e5r senare f\u00f6r att l\u00e4ra mig mer om [&hellip;]<\/p>\n","protected":false},"author":1,"featured_media":0,"comment_status":"open","ping_status":"open","sticky":false,"template":"","format":"standard","meta":[],"categories":[10],"tags":[],"_links":{"self":[{"href":"http:\/\/www.heljesten.nu\/index.php?rest_route=\/wp\/v2\/posts\/1210"}],"collection":[{"href":"http:\/\/www.heljesten.nu\/index.php?rest_route=\/wp\/v2\/posts"}],"about":[{"href":"http:\/\/www.heljesten.nu\/index.php?rest_route=\/wp\/v2\/types\/post"}],"author":[{"embeddable":true,"href":"http:\/\/www.heljesten.nu\/index.php?rest_route=\/wp\/v2\/users\/1"}],"replies":[{"embeddable":true,"href":"http:\/\/www.heljesten.nu\/index.php?rest_route=%2Fwp%2Fv2%2Fcomments&post=1210"}],"version-history":[{"count":0,"href":"http:\/\/www.heljesten.nu\/index.php?rest_route=\/wp\/v2\/posts\/1210\/revisions"}],"wp:attachment":[{"href":"http:\/\/www.heljesten.nu\/index.php?rest_route=%2Fwp%2Fv2%2Fmedia&parent=1210"}],"wp:term":[{"taxonomy":"category","embeddable":true,"href":"http:\/\/www.heljesten.nu\/index.php?rest_route=%2Fwp%2Fv2%2Fcategories&post=1210"},{"taxonomy":"post_tag","embeddable":true,"href":"http:\/\/www.heljesten.nu\/index.php?rest_route=%2Fwp%2Fv2%2Ftags&post=1210"}],"curies":[{"name":"wp","href":"https:\/\/api.w.org\/{rel}","templated":true}]}}