{"id":1209,"date":"2008-07-13T20:10:00","date_gmt":"2008-07-13T18:10:00","guid":{"rendered":"http:\/\/www.heljesten.nu\/?p=1209"},"modified":"2008-07-13T20:10:00","modified_gmt":"2008-07-13T18:10:00","slug":"lattjolajban-med-kasper","status":"publish","type":"post","link":"http:\/\/www.heljesten.nu\/?p=1209","title":{"rendered":"Lattjolajban med Kasper"},"content":{"rendered":"<div align=\"left\"><\/div>\n<div align=\"left\">Ig\u00e5r \u00e5kte vi till Issj\u00f6n och badade. Till och med Kasper var i till magen iallafall. D\u00e4r en liten bit ut satt ju matte som man kunde ta sig upp i famnen till och pusta ut hos innan man gav sig tillbaka den d\u00e4r halvmetern till stranden. <\/div>\n<div align=\"left\"><\/div>\n<div align=\"left\">N\u00e4stan inga d\u00e4r s\u00e5 vi kunde g\u00e5 ost\u00f6rda runt sj\u00f6n. Kasper var l\u00f6s emellan\u00e5t, s\u00e4rskilt p\u00e5 slutet, n\u00e4r han busat av sig det v\u00e4rsta. Han lyssnar b\u00e4ttre nu n\u00e4r jag tycker han dragit iv\u00e4g f\u00f6r l\u00e5ngt fram\u00e5t. G\u00f6mde mig n\u00e5gra g\u00e5nger.<\/div>\n<p><img decoding=\"async\" id=\"BLOGGER_PHOTO_ID_5222580405854545362\" style=\"DISPLAY: block; MARGIN: 0px auto 10px; CURSOR: hand; TEXT-ALIGN: center\" alt=\"\" src=\"http:\/\/bp1.blogger.com\/_GkK1i6dbjdc\/SHpVNW3gJdI\/AAAAAAAAAkg\/kN6QbSGlvLY\/s400\/2008+05+29+kasper_simba+018.JPG\" border=\"0\" \/> <\/p>\n<p align=\"center\"><em>Matte brukar kalla mig grodan n\u00e4r jag ligger s\u00e5 h\u00e4r sk\u00f6nt med bakbenen utfl\u00e4kta. Vet hon inte n\u00e5t om grodor, eller???<br \/><\/em>Idag var vi ute p\u00e5 cykeltur. F\u00f6rst var han soltr\u00f6tt och ville \u00e5ka i korgen, men efter en stund piggnade han till och sen sprang han resten av v\u00e4gen. Sen har han lekt en del med grannhunden idag, filmade lite av det. Hade t\u00e4nkt k\u00f6ra agility med honom, men det blev r\u00e4tt komplicerat med ytterligare en hund l\u00f6s p\u00e5 g\u00e5rden. \u00c5 ena sidan bevaka att Simba inte \u00e5t upp m\u00e5lgodiset, \u00e5 andra sidan f\u00e5 Kasper att sitta fint vid startplatsen och sen hoppa genom ringen, \u00f6ver ribban och in genom tunneln. Som framg\u00e5r av filmen var disciplinen efter tunneln inte den b\u00e4sta f\u00f6rst&#8230;<\/p>\n<p>Det gick b\u00e4ttre efter ett tag, men d\u00e5 hade jag lagt kameran \u00e5t sidan. Men min m\u00f6rka r\u00f6st fungerade \u00e4ven p\u00e5 Simba, faktiskt: en liten bit blodpudding hann han sno, men sen hajade han l\u00e4get.<br \/><object width=\"320\" height=\"266\" id=\"BLOG_video-99a3fe3bb793311e\" class codebase=\"http:\/\/download.macromedia.com\/pub\/shockwave\/cabs\/flash\/swflash.cab#version=6,0,40,0\"><param name=\"movie\" value=\"\/\/www.youtube.com\/get_player\"><param name=\"bgcolor\" value=\"#FFFFFF\"><param name=\"allowfullscreen\" value=\"true\"><param name=\"flashvars\" value=\"flvurl=http:\/\/redirector.googlevideo.com\/videoplayback?id%3D99a3fe3bb793311e%26itag%3D5%26source%3Dblogger%26app%3Dblogger%26cmo%3Dsensitive_content%253Dyes%26ip%3D0.0.0.0%26ipbits%3D0%26expire%3D1357210738%26sparams%3Did,itag,source,ip,ipbits,expire%26signature%3D28A26916C23A96DBF5E83ACD536DCC71EC966359.3408459F90EEDA1B4B3534543988931486B63E03%26key%3Dck1&#038;iurl=http:\/\/video.google.com\/ThumbnailServer2?app%3Dblogger%26contentid%3D99a3fe3bb793311e%26offsetms%3D5000%26itag%3Dw160%26sigh%3D_EveKLAK3KP0xZSClN64kG29VWE&#038;autoplay=0&#038;ps=blogger\"><embed src=\"\/\/www.youtube.com\/get_player\" type=\"application\/x-shockwave-flash\" width=\"320\" height=\"266\" bgcolor=\"#FFFFFF\" flashvars=\"flvurl=http:\/\/redirector.googlevideo.com\/videoplayback?id%3D99a3fe3bb793311e%26itag%3D5%26source%3Dblogger%26app%3Dblogger%26cmo%3Dsensitive_content%253Dyes%26ip%3D0.0.0.0%26ipbits%3D0%26expire%3D1357210738%26sparams%3Did,itag,source,ip,ipbits,expire%26signature%3D28A26916C23A96DBF5E83ACD536DCC71EC966359.3408459F90EEDA1B4B3534543988931486B63E03%26key%3Dck1&#038;iurl=http:\/\/video.google.com\/ThumbnailServer2?app%3Dblogger%26contentid%3D99a3fe3bb793311e%26offsetms%3D5000%26itag%3Dw160%26sigh%3D_EveKLAK3KP0xZSClN64kG29VWE&#038;autoplay=0&#038;ps=blogger\" allowFullScreen=\"true\" \/><\/object><\/p>\n","protected":false},"excerpt":{"rendered":"<p>Ig\u00e5r \u00e5kte vi till Issj\u00f6n och badade. Till och med Kasper var i till magen iallafall. D\u00e4r en liten bit ut satt ju matte som man kunde ta sig upp i famnen till och pusta ut hos innan man gav sig tillbaka den d\u00e4r halvmetern till stranden. N\u00e4stan inga d\u00e4r s\u00e5 vi kunde g\u00e5 ost\u00f6rda [&hellip;]<\/p>\n","protected":false},"author":1,"featured_media":0,"comment_status":"open","ping_status":"open","sticky":false,"template":"","format":"standard","meta":[],"categories":[10],"tags":[],"_links":{"self":[{"href":"http:\/\/www.heljesten.nu\/index.php?rest_route=\/wp\/v2\/posts\/1209"}],"collection":[{"href":"http:\/\/www.heljesten.nu\/index.php?rest_route=\/wp\/v2\/posts"}],"about":[{"href":"http:\/\/www.heljesten.nu\/index.php?rest_route=\/wp\/v2\/types\/post"}],"author":[{"embeddable":true,"href":"http:\/\/www.heljesten.nu\/index.php?rest_route=\/wp\/v2\/users\/1"}],"replies":[{"embeddable":true,"href":"http:\/\/www.heljesten.nu\/index.php?rest_route=%2Fwp%2Fv2%2Fcomments&post=1209"}],"version-history":[{"count":0,"href":"http:\/\/www.heljesten.nu\/index.php?rest_route=\/wp\/v2\/posts\/1209\/revisions"}],"wp:attachment":[{"href":"http:\/\/www.heljesten.nu\/index.php?rest_route=%2Fwp%2Fv2%2Fmedia&parent=1209"}],"wp:term":[{"taxonomy":"category","embeddable":true,"href":"http:\/\/www.heljesten.nu\/index.php?rest_route=%2Fwp%2Fv2%2Fcategories&post=1209"},{"taxonomy":"post_tag","embeddable":true,"href":"http:\/\/www.heljesten.nu\/index.php?rest_route=%2Fwp%2Fv2%2Ftags&post=1209"}],"curies":[{"name":"wp","href":"https:\/\/api.w.org\/{rel}","templated":true}]}}