{"id":1166,"date":"2008-10-26T15:21:00","date_gmt":"2008-10-26T14:21:00","guid":{"rendered":"http:\/\/www.heljesten.nu\/?p=1166"},"modified":"2008-10-26T15:21:00","modified_gmt":"2008-10-26T14:21:00","slug":"tranat-viltspar","status":"publish","type":"post","link":"http:\/\/www.heljesten.nu\/?p=1166","title":{"rendered":"Tr\u00e4nat viltsp\u00e5r"},"content":{"rendered":"<p>Idag skulle vi egentligen ha g\u00e5tt p\u00e5 picnic-promenad utmed Vallentunasj\u00f6n med m\u00e5ndagskv\u00e4llsg\u00e4nget. Men jag vaknade totalt igent\u00e4ppt och allm\u00e4nt h\u00e4ngig imorse, s\u00e5 det fick skippas.<\/p>\n<p>Efter lunch k\u00e4ndes allt lite b\u00e4ttre och vi best\u00e4mde oss f\u00f6r att testa en viltsp\u00e5rning p\u00e5 egen hand. Husse h\u00e4ngde med, fotade lite och l\u00e4rde sig grunderna.<\/p>\n<p><\/p>\n<p><img decoding=\"async\" id=\"BLOGGER_PHOTO_ID_5261482001897592658\" style=\"DISPLAY: block; MARGIN: 0px auto 10px; WIDTH: 266px; CURSOR: hand; HEIGHT: 400px; TEXT-ALIGN: center\" alt=\"\" src=\"http:\/\/3.bp.blogspot.com\/_GkK1i6dbjdc\/SQSKARM3l1I\/AAAAAAAAA8s\/rq5OnmliJxQ\/s400\/2008-10-26-viltsparning-003_sparstart.jpg\" border=\"0\" \/><br \/><em>Sp\u00e5rstart &#8211; beredd att s\u00e4tta ig\u00e5ng med kl\u00f6vdragning och bloddroppning.<\/em><\/p>\n<p><strong>V\u00e4der:<\/strong> regnade innan vi \u00e5kte ut, uppeh\u00e5ll n\u00e4r vi lade sp\u00e5ret, duggregnade medan vi v\u00e4ntade och uppeh\u00e5ll n\u00e4r vi gick sp\u00e5ret. Ca 10 grader.<\/p>\n<p><img decoding=\"async\" id=\"BLOGGER_PHOTO_ID_5261481895324153634\" style=\"DISPLAY: block; MARGIN: 0px auto 10px; WIDTH: 266px; CURSOR: hand; HEIGHT: 400px; TEXT-ALIGN: center\" alt=\"\" src=\"http:\/\/4.bp.blogspot.com\/_GkK1i6dbjdc\/SQSJ6ELx9yI\/AAAAAAAAA8M\/R5tc2bMyolE\/s400\/2008-10-26-viltsparning-010_sparlaggning2.jpg\" border=\"0\" \/><em>Sp\u00e5ret drogs ganska rakt l\u00e4ngs med en mossig sluttning.<br \/><\/em><br \/><strong>Sp\u00e5r:<\/strong> lade ett ganska rakt sp\u00e5r i mossig granskog, l\u00e4ngsmed en sluttning. Upplevde marken som sp\u00e5rv\u00e4nlig, inte alltf\u00f6r mycket undervegetation utan mossa f\u00f6r det mesta, men en och annan markliggande gren som br\u00f6t av. Vid n\u00e5got tillf\u00e4lle blev det r\u00e4tt brant och lite knepigt (f\u00f6r f\u00f6raren) att g\u00e5 i den sneda terr\u00e4ngen. P\u00e5 ett st\u00e4lle korsades en mindre djurstig, d\u00e4r blodade jag lite extra f\u00f6r att det inte skulle bli f\u00f6r sv\u00e5rt. Slut vid en gran och liten sten, gissar p\u00e5 70-80 meter. N\u00e4sta g\u00e5ng ska jag f\u00f6rs\u00f6ka komma ih\u00e5g att l\u00e5na husses stegm\u00e4tare f\u00f6r att f\u00e5 en mer exakt bild av distansen. Vi v\u00e4ntade 60-70 minuter.<\/p>\n<p><img decoding=\"async\" id=\"BLOGGER_PHOTO_ID_5261481896161934610\" style=\"DISPLAY: block; MARGIN: 0px auto 10px; WIDTH: 266px; CURSOR: hand; HEIGHT: 400px; TEXT-ALIGN: center\" alt=\"\" src=\"http:\/\/4.bp.blogspot.com\/_GkK1i6dbjdc\/SQSJ6HThfRI\/AAAAAAAAA8E\/RzL1GYdDhu8\/s400\/2008-10-26-viltsparning-010_sparlaggning1.jpg\" border=\"0\" \/><em>Ungef\u00e4r h\u00e4r fick jag be Kasper att stanna sen f\u00f6r att kunna h\u00e4nga med sj\u00e4lv och f\u00e5 fatt i linan p\u00e5 andra sidan ett stort yvigt tr\u00e4d. Det st\u00f6rde honom inte alls i den fortsatta sp\u00e5rningen.<\/em><\/p>\n<p><strong>Sp\u00e5rning:<\/strong> jag kn\u00e4ppte p\u00e5 camouflageselen strax f\u00f6re starten. Trodde jag. Vips, s\u00e5 var Kasper bortsprungen. Selen \u00e4r lite knepigare \u00e4n de tidigare vi haft, och jag m\u00e5ste ha missat n\u00e5t ben, f\u00f6r visserligen \u00e4r han en Houdini n\u00e4r det g\u00e4ller selar, men s\u00e5 snabb \u00e4r inte ens han. Den kan helt enkelt inte ha suttit p\u00e5 ordentligt. Visselpipan l\u00e5g i ryggs\u00e4cken i bilen. Typiskt. Just som husse tog ett par steg f\u00f6r att g\u00e5 och h\u00e4mta den, s\u00e5 kommer lille skutt glatt tillbakaskuttandes f\u00f6r att se om vi har lika kul som han. S\u00e5 s\u00f6t&#8230;<\/p>\n<p><img decoding=\"async\" id=\"BLOGGER_PHOTO_ID_5261481899270819010\" style=\"DISPLAY: block; MARGIN: 0px auto 10px; WIDTH: 278px; CURSOR: hand; HEIGHT: 400px; TEXT-ALIGN: center\" alt=\"\" src=\"http:\/\/3.bp.blogspot.com\/_GkK1i6dbjdc\/SQSJ6S4vTMI\/AAAAAAAAA8U\/aesGyb-Maws\/s400\/2008-10-26-viltsparning-016_montera_sele.jpg\" border=\"0\" \/><em>Hmm&#8230; hur ska den h\u00e4r selen monteras egentligen?<br \/><\/em><br \/>N\u00e5ja, selen monterades igen, lite mer ordentligt den h\u00e4r g\u00e5ngen. S\u00e5 gick vi till startplatsen och han fick sitta. Han hade knappt ro till det, var v\u00e4ldigt p\u00e5 hugget. &#8221;S\u00f6k sp\u00e5r&#8221; sade jag och gestikulerade mot den uppst\u00f6tta startpunkten. Nosen ner i marken direkt och s\u00e5 iv\u00e4g. De tre startkl\u00e4mmorna missade jag i hastigheten, utan jag ropade till husse att ta kl\u00e4mmorna. Och s\u00e5 drog vi in bland buskar och sn\u00e5r. Sen tog jag alla kl\u00e4mmor utom en. Men lite svinn f\u00e5r man v\u00e4l r\u00e4kna med.<\/p>\n<p><img decoding=\"async\" id=\"BLOGGER_PHOTO_ID_5261481898929711666\" style=\"DISPLAY: block; MARGIN: 0px auto 10px; WIDTH: 400px; CURSOR: hand; HEIGHT: 348px; TEXT-ALIGN: center\" alt=\"\" src=\"http:\/\/2.bp.blogspot.com\/_GkK1i6dbjdc\/SQSJ6RnaajI\/AAAAAAAAA8c\/OtD_hnfy_LM\/s400\/2008-10-26-viltsparning-017_selen.jpg\" border=\"0\" \/><em>S\u00e5 h\u00e4r kool ser jag ut i min camouflagesele &#8211; som en riktig jakthund! Alla drevrar och taxar kan dra n\u00e5t gammalt \u00f6ver sig&#8230; Ska se om vi kan f\u00e5 till n\u00e5n mer bild som visar p\u00e5 den fina plattan framp\u00e5 br\u00f6stet.<br \/><\/em><br \/>Kasper valde fel v\u00e4g tv\u00e5 g\u00e5nger, men korrigerade sig sj\u00e4lv efter ett par meter, gick tillbaka, hittade sp\u00e5ret och fortsatte fram\u00e5t. Mycket duktigt! I det branta partiet valde han v\u00e4gen nedanf\u00f6r ett brett och yvigt tr\u00e4d medan jag gick ovanf\u00f6r, s\u00e5 jag blev tvungen att s\u00e4ga &#8221;Stanna&#8221; till honom. Han stannade och v\u00e4ntade medan jag sl\u00e4ppte linan och plockade upp den igen p\u00e5 andra sidan tr\u00e4det. &#8221;S\u00f6k sp\u00e5r&#8221; sade jag fem meter bakom hunden (min tiometers lina har inte kommit \u00e4n, s\u00e5 jag k\u00f6rde med min femmeters) och han b\u00f6rjade sp\u00e5ra direkt igen. Kanoners! Sedan gick han rakt p\u00e5 skanken, \u00e4ven om han nosade ett par decimeter ifr\u00e5n f\u00f6rst. Men han stannade och verkade k\u00e4nna att d\u00e4r var sp\u00e5rslutet. Kunde inte g\u00e5tt b\u00e4ttre! Och jag som var r\u00e4dd att v\u00e4dret skulle gjort det lite f\u00f6r sv\u00e5rt f\u00f6r honom.<img decoding=\"async\" id=\"BLOGGER_PHOTO_ID_5261481906752092146\" style=\"DISPLAY: block; MARGIN: 0px auto 10px; WIDTH: 292px; CURSOR: hand; HEIGHT: 400px; TEXT-ALIGN: center\" alt=\"\" src=\"http:\/\/3.bp.blogspot.com\/_GkK1i6dbjdc\/SQSJ6uwad_I\/AAAAAAAAA8k\/w5pkrfoEU1I\/s400\/2008-10-26-viltsparning-019_hittat_skanken.jpg\" border=\"0\" \/><br \/><em>Hittat r\u00e5djursskanken! Svansen viftar f\u00f6r fullt. Bel\u00f6ningen med goda varmkorvbitar satt ju som en sm\u00e4ck. Ville sen b\u00e4ra skanken korta bitar p\u00e5 v\u00e4g tillbaka mot bilen. Stolt.<\/em><\/p>\n<p>Som blodflaska tog jag en just t\u00f6md flaska alsolsprit. Perfekt droppning! De tre dl blod vi fick skulle r\u00e4cka till cirka 4 g\u00e5nger, enligt kursledarna (p\u00e5 den h\u00e4r sp\u00e5rl\u00e4ngden). Innan jag fr\u00f6s om det delade jag allts\u00e5 upp blodet i fyra ungef\u00e4r lika stora slattar. Men dagens fj\u00e4rdeldelsslatt kommer att r\u00e4cka till minst en sp\u00e5rdragning till. Kanske ska jag tacka alsolflaskan f\u00f6r det?<\/p>\n","protected":false},"excerpt":{"rendered":"<p>Idag skulle vi egentligen ha g\u00e5tt p\u00e5 picnic-promenad utmed Vallentunasj\u00f6n med m\u00e5ndagskv\u00e4llsg\u00e4nget. Men jag vaknade totalt igent\u00e4ppt och allm\u00e4nt h\u00e4ngig imorse, s\u00e5 det fick skippas. Efter lunch k\u00e4ndes allt lite b\u00e4ttre och vi best\u00e4mde oss f\u00f6r att testa en viltsp\u00e5rning p\u00e5 egen hand. Husse h\u00e4ngde med, fotade lite och l\u00e4rde sig grunderna. Sp\u00e5rstart &#8211; beredd [&hellip;]<\/p>\n","protected":false},"author":1,"featured_media":0,"comment_status":"open","ping_status":"open","sticky":false,"template":"","format":"standard","meta":[],"categories":[10,169,123],"tags":[],"_links":{"self":[{"href":"http:\/\/www.heljesten.nu\/index.php?rest_route=\/wp\/v2\/posts\/1166"}],"collection":[{"href":"http:\/\/www.heljesten.nu\/index.php?rest_route=\/wp\/v2\/posts"}],"about":[{"href":"http:\/\/www.heljesten.nu\/index.php?rest_route=\/wp\/v2\/types\/post"}],"author":[{"embeddable":true,"href":"http:\/\/www.heljesten.nu\/index.php?rest_route=\/wp\/v2\/users\/1"}],"replies":[{"embeddable":true,"href":"http:\/\/www.heljesten.nu\/index.php?rest_route=%2Fwp%2Fv2%2Fcomments&post=1166"}],"version-history":[{"count":0,"href":"http:\/\/www.heljesten.nu\/index.php?rest_route=\/wp\/v2\/posts\/1166\/revisions"}],"wp:attachment":[{"href":"http:\/\/www.heljesten.nu\/index.php?rest_route=%2Fwp%2Fv2%2Fmedia&parent=1166"}],"wp:term":[{"taxonomy":"category","embeddable":true,"href":"http:\/\/www.heljesten.nu\/index.php?rest_route=%2Fwp%2Fv2%2Fcategories&post=1166"},{"taxonomy":"post_tag","embeddable":true,"href":"http:\/\/www.heljesten.nu\/index.php?rest_route=%2Fwp%2Fv2%2Ftags&post=1166"}],"curies":[{"name":"wp","href":"https:\/\/api.w.org\/{rel}","templated":true}]}}