{"id":1163,"date":"2008-10-30T23:02:00","date_gmt":"2008-10-30T22:02:00","guid":{"rendered":"http:\/\/www.heljesten.nu\/?p=1163"},"modified":"2008-10-30T23:02:00","modified_gmt":"2008-10-30T22:02:00","slug":"traningspromenad-med-benson","status":"publish","type":"post","link":"http:\/\/www.heljesten.nu\/?p=1163","title":{"rendered":"Tr\u00e4ningspromenad med Benson"},"content":{"rendered":"<p><a href=\"http:\/\/4.bp.blogspot.com\/_GkK1i6dbjdc\/SQoxS6XUlrI\/AAAAAAAAA88\/xl5DM6UNPec\/s1600-h\/benson.JPG\"><img decoding=\"async\" id=\"BLOGGER_PHOTO_ID_5263073315510326962\" style=\"FLOAT: left; MARGIN: 0px 10px 10px 0px; WIDTH: 157px; CURSOR: hand; HEIGHT: 200px\" alt=\"\" src=\"http:\/\/4.bp.blogspot.com\/_GkK1i6dbjdc\/SQoxS6XUlrI\/AAAAAAAAA88\/xl5DM6UNPec\/s200\/benson.JPG\" border=\"0\" \/><\/a><\/p>\n<div>\n<div>Idag tr\u00e4ffade vi Benson igen, f\u00f6rsta g\u00e5ngen sen valpkursen f\u00f6rra h\u00f6sten. Och oj, vad han hade vuxit, \u00e4r en stor och st\u00e5tlig Rhodesian Ridgeback nu. Han och Kasper \u00e4r ju precis j\u00e4mngamla, skiljer en dag p\u00e5 dem. Hade t\u00e4nkt ta en mobilbild p\u00e5 honom men gl\u00f6mde det, s\u00e5 jag tjuvar (f\u00f6rl\u00e5t, Helena!) en bild fr\u00e5n hans blogg ist\u00e4llet.<\/div>\n<p><\/p>\n<div>Precis som jag anat var det urjobbigt att g\u00e5 med Kasper i den lockande naturreservatsmilj\u00f6n vid B\u00f6gs g\u00e5rd tillsammans med denna sp\u00e4nnande hund, s\u00e5 det gick inte att h\u00e5lla p\u00e5 principen och att stanna och v\u00e4nta 10 sekunder varje g\u00e5ng Kasper tog n\u00e5got steg framf\u00f6r mig. D\u00e5 skulle vi fortfarande inte ha kommit mycket l\u00e4ngre \u00e4n ut fr\u00e5n parkeringen&#8230; H\u00f6ll ist\u00e4llet kort koppel och k\u00f6rde lite morrande n\u00e4r han blev f\u00f6r jobbig. Vi testade ett par h\u00e4lsningar d\u00e4r hundarna skulle sitta stilla och fint p\u00e5 varsin sida. Nja. Jo, Benson sk\u00f6tte sig v\u00e4l bra, men Kaspers t\u00e5lamod med detta var v\u00e4ldigt kort. Det var r\u00e4tt l\u00e4nge sen vi \u00f6vade p\u00e5 det, f\u00e5r nog ta upp det igen, kanske med Anna och Enzo. Underligt nog b\u00f6rjade Kasper g\u00e5 som v\u00e4rsta v\u00e4lartade hunden de sista hundra metrarna till bilen. Vet inte vad han fick f\u00f6r kn\u00e4pp d\u00e4r&#8230; <\/div>\n<p><\/p>\n<div>I Sm\u00e5land sn\u00f6ar det, och h\u00e4r regnar det och bl\u00e5ser nu. Ig\u00e5r bytte jag som tur var till vinterd\u00e4ck, s\u00e5 det ska v\u00e4l g\u00e5 att ta sig till n\u00e5n skog imorgon och l\u00e4gga sp\u00e5r. Har tinat kl\u00f6v och blod. Bara det inte b\u00f6rjar sn\u00f6a h\u00e4r med. P\u00e5 l\u00f6rdag \u00e4r det kurstillf\u00e4lle tv\u00e5 i viltsp\u00e5rningen.<\/div>\n<\/div>\n","protected":false},"excerpt":{"rendered":"<p>Idag tr\u00e4ffade vi Benson igen, f\u00f6rsta g\u00e5ngen sen valpkursen f\u00f6rra h\u00f6sten. Och oj, vad han hade vuxit, \u00e4r en stor och st\u00e5tlig Rhodesian Ridgeback nu. Han och Kasper \u00e4r ju precis j\u00e4mngamla, skiljer en dag p\u00e5 dem. Hade t\u00e4nkt ta en mobilbild p\u00e5 honom men gl\u00f6mde det, s\u00e5 jag tjuvar (f\u00f6rl\u00e5t, Helena!) en bild fr\u00e5n [&hellip;]<\/p>\n","protected":false},"author":1,"featured_media":0,"comment_status":"open","ping_status":"open","sticky":false,"template":"","format":"standard","meta":[],"categories":[111],"tags":[],"_links":{"self":[{"href":"http:\/\/www.heljesten.nu\/index.php?rest_route=\/wp\/v2\/posts\/1163"}],"collection":[{"href":"http:\/\/www.heljesten.nu\/index.php?rest_route=\/wp\/v2\/posts"}],"about":[{"href":"http:\/\/www.heljesten.nu\/index.php?rest_route=\/wp\/v2\/types\/post"}],"author":[{"embeddable":true,"href":"http:\/\/www.heljesten.nu\/index.php?rest_route=\/wp\/v2\/users\/1"}],"replies":[{"embeddable":true,"href":"http:\/\/www.heljesten.nu\/index.php?rest_route=%2Fwp%2Fv2%2Fcomments&post=1163"}],"version-history":[{"count":0,"href":"http:\/\/www.heljesten.nu\/index.php?rest_route=\/wp\/v2\/posts\/1163\/revisions"}],"wp:attachment":[{"href":"http:\/\/www.heljesten.nu\/index.php?rest_route=%2Fwp%2Fv2%2Fmedia&parent=1163"}],"wp:term":[{"taxonomy":"category","embeddable":true,"href":"http:\/\/www.heljesten.nu\/index.php?rest_route=%2Fwp%2Fv2%2Fcategories&post=1163"},{"taxonomy":"post_tag","embeddable":true,"href":"http:\/\/www.heljesten.nu\/index.php?rest_route=%2Fwp%2Fv2%2Ftags&post=1163"}],"curies":[{"name":"wp","href":"https:\/\/api.w.org\/{rel}","templated":true}]}}