{"id":1098,"date":"2009-01-27T09:34:00","date_gmt":"2009-01-27T08:34:00","guid":{"rendered":"http:\/\/www.heljesten.nu\/?p=1098"},"modified":"2009-01-27T09:34:00","modified_gmt":"2009-01-27T08:34:00","slug":"hundtranaren-vecka-4","status":"publish","type":"post","link":"http:\/\/www.heljesten.nu\/?p=1098","title":{"rendered":"Hundtr\u00e4naren vecka 4"},"content":{"rendered":"<p>Har inte s\u00e5 mycket nytt sen f\u00f6rra veckan, fr\u00e4mst en insikt i att g\u00e5 l\u00e5ngsamt fram i krypet och h\u00f6ja huvudet s\u00e5 att bakdelen kommer ned ordentligt. En g\u00e5ng har jag k\u00f6rt kryp under s\u00e4ngen, ska nog g\u00f6ra det mera, d\u00e5 blir det ju ett naturligt krypande p\u00e5 ett annat s\u00e4tt.<\/p>\n<p>Har tr\u00e4nat apportbock \u00e0 la klosstr\u00e4ning en g\u00e5ng, detta ska vi forts\u00e4tta med.<\/p>\n<p>Annars har det inte blivit s\u00e5 mycket tr\u00e4nande denna isslaskvecka, ens inomhus. De senaste dagarna har jag haft s\u00e5 ont i nacken s\u00e5 huvudet spr\u00e4nger n\u00e4r jag b\u00f6jer mig ner. Att d\u00e5 tr\u00e4na en liten hund har inte k\u00e4nts lockande&#8230;<\/p>\n<p><a href=\"http:\/\/hundbiten.bloggagratis.se\/\">Lina<\/a> har skrivit en massa bra (som vanligt), bl.a. \u00e4ven positiva saker om flexikoppel! Jag har ju best\u00e4mt att inte k\u00f6pa ett flexikoppel f\u00f6rr\u00e4n Kasper har bevisat sig v\u00e4rdig det (dvs kan g\u00e5 i alla l\u00e4gen utan att dra). Dit har vi inte n\u00e5tt \u00e4n, s\u00e4rskilt inte i skogen och med hundar i n\u00e4rheten. Ska fundera lite p\u00e5 vad Lina skriver, kanske det trots allt kan fungera f\u00f6r oss med? Flexi har ju, r\u00e4tt anv\u00e4nt, sina f\u00f6rdelar ocks\u00e5, s\u00e4rskilt om man inte vill sl\u00e4ppa l\u00f6s i skogen.<\/p>\n","protected":false},"excerpt":{"rendered":"<p>Har inte s\u00e5 mycket nytt sen f\u00f6rra veckan, fr\u00e4mst en insikt i att g\u00e5 l\u00e5ngsamt fram i krypet och h\u00f6ja huvudet s\u00e5 att bakdelen kommer ned ordentligt. En g\u00e5ng har jag k\u00f6rt kryp under s\u00e4ngen, ska nog g\u00f6ra det mera, d\u00e5 blir det ju ett naturligt krypande p\u00e5 ett annat s\u00e4tt. Har tr\u00e4nat apportbock \u00e0 [&hellip;]<\/p>\n","protected":false},"author":1,"featured_media":0,"comment_status":"open","ping_status":"open","sticky":false,"template":"","format":"standard","meta":[],"categories":[169],"tags":[],"_links":{"self":[{"href":"http:\/\/www.heljesten.nu\/index.php?rest_route=\/wp\/v2\/posts\/1098"}],"collection":[{"href":"http:\/\/www.heljesten.nu\/index.php?rest_route=\/wp\/v2\/posts"}],"about":[{"href":"http:\/\/www.heljesten.nu\/index.php?rest_route=\/wp\/v2\/types\/post"}],"author":[{"embeddable":true,"href":"http:\/\/www.heljesten.nu\/index.php?rest_route=\/wp\/v2\/users\/1"}],"replies":[{"embeddable":true,"href":"http:\/\/www.heljesten.nu\/index.php?rest_route=%2Fwp%2Fv2%2Fcomments&post=1098"}],"version-history":[{"count":0,"href":"http:\/\/www.heljesten.nu\/index.php?rest_route=\/wp\/v2\/posts\/1098\/revisions"}],"wp:attachment":[{"href":"http:\/\/www.heljesten.nu\/index.php?rest_route=%2Fwp%2Fv2%2Fmedia&parent=1098"}],"wp:term":[{"taxonomy":"category","embeddable":true,"href":"http:\/\/www.heljesten.nu\/index.php?rest_route=%2Fwp%2Fv2%2Fcategories&post=1098"},{"taxonomy":"post_tag","embeddable":true,"href":"http:\/\/www.heljesten.nu\/index.php?rest_route=%2Fwp%2Fv2%2Ftags&post=1098"}],"curies":[{"name":"wp","href":"https:\/\/api.w.org\/{rel}","templated":true}]}}