{"id":1068,"date":"2009-02-27T09:08:00","date_gmt":"2009-02-27T08:08:00","guid":{"rendered":"http:\/\/www.heljesten.nu\/?p=1068"},"modified":"2009-02-27T09:08:00","modified_gmt":"2009-02-27T08:08:00","slug":"dagen-efter-kastrering","status":"publish","type":"post","link":"http:\/\/www.heljesten.nu\/?p=1068","title":{"rendered":"Dagen efter kastrering"},"content":{"rendered":"<p>Ig\u00e5r p\u00e5 eftermiddagen var Kasper verkligen l\u00e5g. Har faktiskt aldrig sett honom s\u00e5dan, utom m\u00f6jligen n\u00e5gra minuter n\u00e4r man just satt p\u00e5 honom sitt t\u00e4cke. \ud83d\ude09<br \/>Men nu var det timvis av denna dystra lilla hund. Jag tog upp honom i famnen en stund (sv\u00e5rt att veta var man skulle greppa honom d\u00e4r bak utan att det skulle g\u00f6ra ont) och d\u00e5 slappnade han av lite efter en stunds smek p\u00e5 br\u00f6stkorgen.<br \/>Sen stod han igen som en sorglig staty och vinglade till aningen ett par g\u00e5nger och gn\u00e4llde lite ynkligt.<br \/>Jag bad lillmatte att h\u00e5lla ett extra noga \u00f6ga p\u00e5 honom och se att han \u00e5t och drack p\u00e5 kv\u00e4llen.<br \/>Hon rapporterade senare att n\u00e4r de b\u00f6rjade laga middag och alla h\u00e4rliga dofter b\u00f6rjade sprida sig i k\u00f6ket s\u00e5 sl\u00e4ppte Kaspers invalidbeteende. Hon h\u00e4llde lite k\u00f6ttsaft \u00f6ver hans mat, och d\u00e5 kvicknade han till och b\u00f6rjade \u00e4ta lite. De h\u00e4rliga dofterna gjorde nog att han gl\u00f6mde bort vad som bekymrade honom. \ud83d\ude09<br \/>Sen fortsatte han tydligen gn\u00e4lla men ville \u00e4nd\u00e5 g\u00e5 p\u00e5 en liten promenad senare p\u00e5 kv\u00e4llen.<br \/>N\u00e4r vi kom hem fram\u00e5t midnatt var han glad och hade slutat gn\u00e4lla. P\u00e5 n\u00e5got mystiskt s\u00e4tt hade bandet som h\u00e5ller fast tratten f\u00f6rsvunnit (ner i hans mage?). Jag letade efter det \u00f6verallt inne utan att hitta det, s\u00e5 det fick bli en bit gasbinda som nytt band.<br \/>Inatt har han sovit fint och nu har jag varit ute p\u00e5 promenad med en hund som beter sig ganska normalt, f\u00f6rutom att han skottar sn\u00f6 med tratten n\u00e4r han nosar och g\u00e5r fram\u00e5t.<\/p>\n","protected":false},"excerpt":{"rendered":"<p>Ig\u00e5r p\u00e5 eftermiddagen var Kasper verkligen l\u00e5g. Har faktiskt aldrig sett honom s\u00e5dan, utom m\u00f6jligen n\u00e5gra minuter n\u00e4r man just satt p\u00e5 honom sitt t\u00e4cke. \ud83d\ude09Men nu var det timvis av denna dystra lilla hund. Jag tog upp honom i famnen en stund (sv\u00e5rt att veta var man skulle greppa honom d\u00e4r bak utan att [&hellip;]<\/p>\n","protected":false},"author":1,"featured_media":0,"comment_status":"open","ping_status":"open","sticky":false,"template":"","format":"standard","meta":[],"categories":[10,201],"tags":[],"_links":{"self":[{"href":"http:\/\/www.heljesten.nu\/index.php?rest_route=\/wp\/v2\/posts\/1068"}],"collection":[{"href":"http:\/\/www.heljesten.nu\/index.php?rest_route=\/wp\/v2\/posts"}],"about":[{"href":"http:\/\/www.heljesten.nu\/index.php?rest_route=\/wp\/v2\/types\/post"}],"author":[{"embeddable":true,"href":"http:\/\/www.heljesten.nu\/index.php?rest_route=\/wp\/v2\/users\/1"}],"replies":[{"embeddable":true,"href":"http:\/\/www.heljesten.nu\/index.php?rest_route=%2Fwp%2Fv2%2Fcomments&post=1068"}],"version-history":[{"count":0,"href":"http:\/\/www.heljesten.nu\/index.php?rest_route=\/wp\/v2\/posts\/1068\/revisions"}],"wp:attachment":[{"href":"http:\/\/www.heljesten.nu\/index.php?rest_route=%2Fwp%2Fv2%2Fmedia&parent=1068"}],"wp:term":[{"taxonomy":"category","embeddable":true,"href":"http:\/\/www.heljesten.nu\/index.php?rest_route=%2Fwp%2Fv2%2Fcategories&post=1068"},{"taxonomy":"post_tag","embeddable":true,"href":"http:\/\/www.heljesten.nu\/index.php?rest_route=%2Fwp%2Fv2%2Ftags&post=1068"}],"curies":[{"name":"wp","href":"https:\/\/api.w.org\/{rel}","templated":true}]}}