{"id":1063,"date":"2009-03-06T09:03:00","date_gmt":"2009-03-06T08:03:00","guid":{"rendered":"http:\/\/www.heljesten.nu\/?p=1063"},"modified":"2009-03-06T09:03:00","modified_gmt":"2009-03-06T08:03:00","slug":"fantratten-borta","status":"publish","type":"post","link":"http:\/\/www.heljesten.nu\/?p=1063","title":{"rendered":"F\u00e5ntratten borta"},"content":{"rendered":"<p>Nu har Kasper blivit av med sin f\u00e5ntratt. S\u00e5ren har l\u00e4kt j\u00e4ttefint och jag kan inte se hur han skulle kunna slicka upp n\u00e5got l\u00e4ngre. Dessutom har han ibland n\u00e5tt att slicka \u00e4ven med tratt&#8230; V\u00e5dan av en ganska l\u00e5ng hund med smidig kropp.<br \/>Gr\u00e5tt ute, men det k\u00e4nns \u00e4nd\u00e5 lite v\u00e5rlikt med sn\u00f6n som sm\u00e4lter fort. Husse ska prova att cykla en kortare runda med Kasper idag. Det g\u00e5r nog, cykelv\u00e4garna verkar vara isfria nu.<\/p>\n","protected":false},"excerpt":{"rendered":"<p>Nu har Kasper blivit av med sin f\u00e5ntratt. S\u00e5ren har l\u00e4kt j\u00e4ttefint och jag kan inte se hur han skulle kunna slicka upp n\u00e5got l\u00e4ngre. Dessutom har han ibland n\u00e5tt att slicka \u00e4ven med tratt&#8230; V\u00e5dan av en ganska l\u00e5ng hund med smidig kropp.Gr\u00e5tt ute, men det k\u00e4nns \u00e4nd\u00e5 lite v\u00e5rlikt med sn\u00f6n som sm\u00e4lter [&hellip;]<\/p>\n","protected":false},"author":1,"featured_media":0,"comment_status":"open","ping_status":"open","sticky":false,"template":"","format":"standard","meta":[],"categories":[10,174],"tags":[],"_links":{"self":[{"href":"http:\/\/www.heljesten.nu\/index.php?rest_route=\/wp\/v2\/posts\/1063"}],"collection":[{"href":"http:\/\/www.heljesten.nu\/index.php?rest_route=\/wp\/v2\/posts"}],"about":[{"href":"http:\/\/www.heljesten.nu\/index.php?rest_route=\/wp\/v2\/types\/post"}],"author":[{"embeddable":true,"href":"http:\/\/www.heljesten.nu\/index.php?rest_route=\/wp\/v2\/users\/1"}],"replies":[{"embeddable":true,"href":"http:\/\/www.heljesten.nu\/index.php?rest_route=%2Fwp%2Fv2%2Fcomments&post=1063"}],"version-history":[{"count":0,"href":"http:\/\/www.heljesten.nu\/index.php?rest_route=\/wp\/v2\/posts\/1063\/revisions"}],"wp:attachment":[{"href":"http:\/\/www.heljesten.nu\/index.php?rest_route=%2Fwp%2Fv2%2Fmedia&parent=1063"}],"wp:term":[{"taxonomy":"category","embeddable":true,"href":"http:\/\/www.heljesten.nu\/index.php?rest_route=%2Fwp%2Fv2%2Fcategories&post=1063"},{"taxonomy":"post_tag","embeddable":true,"href":"http:\/\/www.heljesten.nu\/index.php?rest_route=%2Fwp%2Fv2%2Ftags&post=1063"}],"curies":[{"name":"wp","href":"https:\/\/api.w.org\/{rel}","templated":true}]}}