{"id":1050,"date":"2009-03-15T13:25:00","date_gmt":"2009-03-15T12:25:00","guid":{"rendered":"http:\/\/www.heljesten.nu\/?p=1050"},"modified":"2009-03-15T13:25:00","modified_gmt":"2009-03-15T12:25:00","slug":"kasper-ar-trott-idag","status":"publish","type":"post","link":"http:\/\/www.heljesten.nu\/?p=1050","title":{"rendered":"Kasper \u00e4r tr\u00f6tt idag"},"content":{"rendered":"<p>Det m\u00e4rks att det var mycket aktivitet ig\u00e5r. Idag t\u00e4nkte vi passa p\u00e5 och ta en liten cykeltur d\u00e5 g\u00e5ngv\u00e4garna pl\u00f6tsligt lyser svarta igen. Kasper gillar ju aldrig att ta p\u00e5 sig selen, och idag var inget undantag. Han fick p\u00e5 den och gick mot d\u00f6rren som leder ut till bilen. Han bara tittade p\u00e5 mig n\u00e4r jag \u00f6ppande d\u00f6rren \u00e5t andra h\u00e5llet.<br \/>Jag struntade i honom och gick ut och l\u00e5ste upp cykeln och lade kopplet i cykelkorgen. N\u00e4r jag kom in igen och ropade p\u00e5 honom gick han ist\u00e4llet bort till sin korg och lade sig. Pyret. N\u00e5, han \u00e4r ju inte st\u00f6rre \u00e4n att han f\u00e5r f\u00f6lja med, vare sig han vill eller inte.<br \/>V\u00e4l ute p\u00e5 trappan ruskade han lite p\u00e5 sig och b\u00f6rjade sniffa in v\u00e5rluften. N\u00e4r jag s\u00e5 satte fast honom i cykeln travade han villigt med medan jag ledde cykeln ut till gatan. Inga problem sen att cykla cirka fyra kilometer i lagom tempo.<br \/>V\u00e4l inne igen fick han ett v\u00e4lbeh\u00f6vligt bad, och nu ligger han nedb\u00e4ddad under sin gosiga fleecefilt i b\u00e4dden och myser. Inte ens han l\u00e4r beh\u00f6va s\u00e5 himla mycket mer aktivitet idag.<\/p>\n","protected":false},"excerpt":{"rendered":"<p>Det m\u00e4rks att det var mycket aktivitet ig\u00e5r. Idag t\u00e4nkte vi passa p\u00e5 och ta en liten cykeltur d\u00e5 g\u00e5ngv\u00e4garna pl\u00f6tsligt lyser svarta igen. Kasper gillar ju aldrig att ta p\u00e5 sig selen, och idag var inget undantag. Han fick p\u00e5 den och gick mot d\u00f6rren som leder ut till bilen. Han bara tittade p\u00e5 [&hellip;]<\/p>\n","protected":false},"author":1,"featured_media":0,"comment_status":"open","ping_status":"open","sticky":false,"template":"","format":"standard","meta":[],"categories":[46,10],"tags":[],"_links":{"self":[{"href":"http:\/\/www.heljesten.nu\/index.php?rest_route=\/wp\/v2\/posts\/1050"}],"collection":[{"href":"http:\/\/www.heljesten.nu\/index.php?rest_route=\/wp\/v2\/posts"}],"about":[{"href":"http:\/\/www.heljesten.nu\/index.php?rest_route=\/wp\/v2\/types\/post"}],"author":[{"embeddable":true,"href":"http:\/\/www.heljesten.nu\/index.php?rest_route=\/wp\/v2\/users\/1"}],"replies":[{"embeddable":true,"href":"http:\/\/www.heljesten.nu\/index.php?rest_route=%2Fwp%2Fv2%2Fcomments&post=1050"}],"version-history":[{"count":0,"href":"http:\/\/www.heljesten.nu\/index.php?rest_route=\/wp\/v2\/posts\/1050\/revisions"}],"wp:attachment":[{"href":"http:\/\/www.heljesten.nu\/index.php?rest_route=%2Fwp%2Fv2%2Fmedia&parent=1050"}],"wp:term":[{"taxonomy":"category","embeddable":true,"href":"http:\/\/www.heljesten.nu\/index.php?rest_route=%2Fwp%2Fv2%2Fcategories&post=1050"},{"taxonomy":"post_tag","embeddable":true,"href":"http:\/\/www.heljesten.nu\/index.php?rest_route=%2Fwp%2Fv2%2Ftags&post=1050"}],"curies":[{"name":"wp","href":"https:\/\/api.w.org\/{rel}","templated":true}]}}