{"id":1049,"date":"2009-03-19T12:03:00","date_gmt":"2009-03-19T11:03:00","guid":{"rendered":"http:\/\/www.heljesten.nu\/?p=1049"},"modified":"2009-03-19T12:03:00","modified_gmt":"2009-03-19T11:03:00","slug":"aprilvader","status":"publish","type":"post","link":"http:\/\/www.heljesten.nu\/?p=1049","title":{"rendered":"Aprilv\u00e4der?!"},"content":{"rendered":"<p>Det \u00e4r ju lite tidigt, men det k\u00e4nns som aprilv\u00e4der idag.<br \/>Kasper och jag skulle ut p\u00e5 en liten cykeltur p\u00e5 f\u00f6rmiddagen. Det bl\u00e5ste kallt och var knappa tv\u00e5 plus, men asfalten \u00e4r iallafall torr och fin, s\u00e5 vi kl\u00e4dde p\u00e5 oss. Efter n\u00e5gon kilometer b\u00f6rjade det hagla! D\u00e5 var det pl\u00f6tsligt inte lika kul att cykla l\u00e4ngre, s\u00e5 vi kortade av turen och v\u00e4nde hem\u00e5t.<br \/>Nu, n\u00e5gon timme senare, lyser solen in genom f\u00f6nstret n\u00e4stan lika fint som ig\u00e5r. Det st\u00e5r helt klart att f\u00f6nsterputs m\u00e5ste g\u00f6ras snart, kanske redan till helgen.<\/p>\n","protected":false},"excerpt":{"rendered":"<p>Det \u00e4r ju lite tidigt, men det k\u00e4nns som aprilv\u00e4der idag.Kasper och jag skulle ut p\u00e5 en liten cykeltur p\u00e5 f\u00f6rmiddagen. Det bl\u00e5ste kallt och var knappa tv\u00e5 plus, men asfalten \u00e4r iallafall torr och fin, s\u00e5 vi kl\u00e4dde p\u00e5 oss. Efter n\u00e5gon kilometer b\u00f6rjade det hagla! D\u00e5 var det pl\u00f6tsligt inte lika kul att [&hellip;]<\/p>\n","protected":false},"author":1,"featured_media":0,"comment_status":"open","ping_status":"open","sticky":false,"template":"","format":"standard","meta":[],"categories":[46,10],"tags":[],"_links":{"self":[{"href":"http:\/\/www.heljesten.nu\/index.php?rest_route=\/wp\/v2\/posts\/1049"}],"collection":[{"href":"http:\/\/www.heljesten.nu\/index.php?rest_route=\/wp\/v2\/posts"}],"about":[{"href":"http:\/\/www.heljesten.nu\/index.php?rest_route=\/wp\/v2\/types\/post"}],"author":[{"embeddable":true,"href":"http:\/\/www.heljesten.nu\/index.php?rest_route=\/wp\/v2\/users\/1"}],"replies":[{"embeddable":true,"href":"http:\/\/www.heljesten.nu\/index.php?rest_route=%2Fwp%2Fv2%2Fcomments&post=1049"}],"version-history":[{"count":0,"href":"http:\/\/www.heljesten.nu\/index.php?rest_route=\/wp\/v2\/posts\/1049\/revisions"}],"wp:attachment":[{"href":"http:\/\/www.heljesten.nu\/index.php?rest_route=%2Fwp%2Fv2%2Fmedia&parent=1049"}],"wp:term":[{"taxonomy":"category","embeddable":true,"href":"http:\/\/www.heljesten.nu\/index.php?rest_route=%2Fwp%2Fv2%2Fcategories&post=1049"},{"taxonomy":"post_tag","embeddable":true,"href":"http:\/\/www.heljesten.nu\/index.php?rest_route=%2Fwp%2Fv2%2Ftags&post=1049"}],"curies":[{"name":"wp","href":"https:\/\/api.w.org\/{rel}","templated":true}]}}