{"id":1048,"date":"2009-03-20T18:59:00","date_gmt":"2009-03-20T17:59:00","guid":{"rendered":"http:\/\/www.heljesten.nu\/?p=1048"},"modified":"2009-03-20T18:59:00","modified_gmt":"2009-03-20T17:59:00","slug":"lite-varkanslor","status":"publish","type":"post","link":"http:\/\/www.heljesten.nu\/?p=1048","title":{"rendered":"Lite v\u00e5rk\u00e4nslor"},"content":{"rendered":"<p>Det var inte s\u00e5 varmt idag n\u00e4r Kasper och jag cyklade bort till Ormsta och tr\u00e4ffade Enzo med matte f\u00f6r en trevlig promenad, men sn\u00f6n h\u00e5ller definitivt p\u00e5 att sm\u00e4lta bort och h\u00e4r och d\u00e4r b\u00f6rjar man m\u00e4rka hur lerigt det kommer att bli v\u00e4ldigt snart.<br \/>Vi hittade embryot till en ny promenadslinga som nog blir kanon n\u00e4r vi f\u00e5tt utr\u00f6na den lite mer.<br \/>Kasper var inte fullt s\u00e5 lyh\u00f6rd idag som jag skulle \u00f6nska. N\u00e4r han inte kom med detsamma blev det koppel en stund. Skulle visa det sneda tr\u00e4det, men hittade det inte. Snopet. F\u00e5r leta igen, f\u00f6r s\u00e5na sneda tr\u00e4d v\u00e4xer inte p\u00e5 tr\u00e4d&#8230;<br \/>Efter cyklingen hem igen har Kasper slaggat resten av dagen.<\/p>\n<p>Imorgon b\u00e4r det av in till stan och hundfiket. Blir sp\u00e4nnande att se hur en Roslagsvagn full av hundar ska fungera, men Kasper har ju \u00e5kt b\u00e5de t\u00e5g, buss och b\u00e5t f\u00f6rut s\u00e5 f\u00f6r hans del borde det g\u00e5 skapligt. V\u00e4rre f\u00f6r n\u00e5n golden som aldrig provat.<br \/>P\u00e5 s\u00f6ndag \u00e4r det viltsp\u00e5rprov, och jag fick just veta att vi ska vara h\u00e4r i trakten. Vilket plus! Antagligen kan vi g\u00e5 eller cykla dit, ska rekognisera lite innan s\u00e5 jag vet exakt var vi ska tr\u00e4ffas.<\/p>\n<p>Ytterligare ett v\u00e5rtecken, allts\u00e5, att kurserna drar ig\u00e5ng mer p\u00e5 allvar. N\u00e4sta fredag ska vi p\u00e5 kurs mitt p\u00e5 dagen, fem hundar anm\u00e4lda till tr\u00e4ningspromenad i skogen. P\u00e5 l\u00f6rdagen \u00e4r det MH och p\u00e5 s\u00f6ndagen b\u00f6rjar forts\u00e4ttningskursen i viltsp\u00e5r.<br \/>Nu v\u00e4ntar jag bara p\u00e5 att f\u00e5 veta n\u00e4r agilitykursen drar ig\u00e5ng, s\u00e5 \u00e4r v\u00e5ren liksom fullspikad.<\/p>\n","protected":false},"excerpt":{"rendered":"<p>Det var inte s\u00e5 varmt idag n\u00e4r Kasper och jag cyklade bort till Ormsta och tr\u00e4ffade Enzo med matte f\u00f6r en trevlig promenad, men sn\u00f6n h\u00e5ller definitivt p\u00e5 att sm\u00e4lta bort och h\u00e4r och d\u00e4r b\u00f6rjar man m\u00e4rka hur lerigt det kommer att bli v\u00e4ldigt snart.Vi hittade embryot till en ny promenadslinga som nog blir [&hellip;]<\/p>\n","protected":false},"author":1,"featured_media":0,"comment_status":"open","ping_status":"open","sticky":false,"template":"","format":"standard","meta":[],"categories":[46,10,61],"tags":[],"_links":{"self":[{"href":"http:\/\/www.heljesten.nu\/index.php?rest_route=\/wp\/v2\/posts\/1048"}],"collection":[{"href":"http:\/\/www.heljesten.nu\/index.php?rest_route=\/wp\/v2\/posts"}],"about":[{"href":"http:\/\/www.heljesten.nu\/index.php?rest_route=\/wp\/v2\/types\/post"}],"author":[{"embeddable":true,"href":"http:\/\/www.heljesten.nu\/index.php?rest_route=\/wp\/v2\/users\/1"}],"replies":[{"embeddable":true,"href":"http:\/\/www.heljesten.nu\/index.php?rest_route=%2Fwp%2Fv2%2Fcomments&post=1048"}],"version-history":[{"count":0,"href":"http:\/\/www.heljesten.nu\/index.php?rest_route=\/wp\/v2\/posts\/1048\/revisions"}],"wp:attachment":[{"href":"http:\/\/www.heljesten.nu\/index.php?rest_route=%2Fwp%2Fv2%2Fmedia&parent=1048"}],"wp:term":[{"taxonomy":"category","embeddable":true,"href":"http:\/\/www.heljesten.nu\/index.php?rest_route=%2Fwp%2Fv2%2Fcategories&post=1048"},{"taxonomy":"post_tag","embeddable":true,"href":"http:\/\/www.heljesten.nu\/index.php?rest_route=%2Fwp%2Fv2%2Ftags&post=1048"}],"curies":[{"name":"wp","href":"https:\/\/api.w.org\/{rel}","templated":true}]}}