{"id":1046,"date":"2009-03-22T14:55:00","date_gmt":"2009-03-22T13:55:00","guid":{"rendered":"http:\/\/www.heljesten.nu\/?p=1046"},"modified":"2009-03-22T14:55:00","modified_gmt":"2009-03-22T13:55:00","slug":"viltsparprovet-och-loptik","status":"publish","type":"post","link":"http:\/\/www.heljesten.nu\/?p=1046","title":{"rendered":"Viltsp\u00e5rprovet och l\u00f6ptik"},"content":{"rendered":"<p>Idag var det d\u00e5 \u00e4ntligen dags f\u00f6r det uppskjutna viltsp\u00e5rprovet d\u00e4r v\u00e5ra kursledare skulle se om vi \u00e4r mogna att g\u00e5 upp i anlagsklass. Nu \u00e4r det bara lite sn\u00f6 kvar h\u00e4r och d\u00e4r i skogen, mycket b\u00e4ttre f\u00f6ruts\u00e4ttningar \u00e4n f\u00f6rra helgen.<br \/>Dessutom var m\u00f6tesplatsen flyttad till ett industriomr\u00e5de bara tre kilometer h\u00e4rifr\u00e5n, s\u00e5 Kasper och jag cyklade dit. Vi kom dit i god tid, hann l\u00e5sa cykeln i en bra stolpe och varva ner efter cyklingen. Det fanns en bra sandl\u00e5da att sitta och vila p\u00e5, dessutom, hade ju sittunderlag i ryggan. Kasper tyckte det var en utm\u00e4rkt spaningspunkt d\u00e4ruppe.<br \/>Tollaren hade g\u00e5tt f\u00f6re oss, ett lite kortare sp\u00e5r, medan vi skulle g\u00e5 ett full\u00e5ngt sp\u00e5r p\u00e5 500 meter. Eva hade lagt det lite knepigt, med ett par stig- och dikes\u00f6verg\u00e5ngar. P\u00e5 ett st\u00e4lle var det skarsn\u00f6 och d\u00e4r var det lite sv\u00e5rare, tyckte Kasper.<br \/>Han hade sv\u00e5rt att komma ig\u00e5ng, ringade runt lite och letade sp\u00e5rstart. Precis d\u00e5 ringde min telefon. Jag klickade bort den, men det ringde p\u00e5 nytt. Det var andra sp\u00e5rgruppen som undrade var jag var! Hmm, n\u00e4r vi rett ut detta missf\u00f6rst\u00e5nd hade Kasper hunnit hitta sp\u00e5ret och var ivrig att dra iv\u00e4g.<br \/>Sen gick han kanonbra. P\u00e5 vissa st\u00e4llen var det risigt och jag hade fullt upp med att h\u00e5lla reda p\u00e5 linan och plockade den \u00e5tskilliga g\u00e5nger p\u00e5 andra sidan tr\u00e4d eller buskar, s\u00e5 jag m\u00e4rkte knappt snitslarna. Men r\u00e4tt blev det. Sen var skarsn\u00f6n sv\u00e5r, och r\u00e4tt var det var drog Kasper iv\u00e4g \u00e5t snett fel h\u00e5ll, ivrigt p\u00e5 ett annat s\u00e4tt. Kursledaren Eva, som var mer alert \u00e4n jag, ins\u00e5g att det var f\u00e4rsksp\u00e5r. Jag nejade Kasper och han avbr\u00f6t och kom genast tillbaka och tog upp sp\u00e5ret igen. Det d\u00e4r m\u00e5ste jag se upp med p\u00e5 anslagssp\u00e5ret \u2013 man f\u00e5r inget nedslag p\u00e5 det bara man s\u00e4ger till att man sett det p\u00e5 hunden att den f\u00e4rsksp\u00e5rar. N\u00e4r vi s\u00e5 v\u00e4l kom till sp\u00e5rslutet \u2013 det k\u00e4ndes mycket l\u00e4ngre \u00e4n 500 meter \u2013 s\u00e5 missade Kasper \u00e5ter slutet och gick f\u00f6rbi.<br \/>Jag fick kalla tillbaka honom och han ringade runt, tog sp\u00e5ret och kom r\u00e4tt.<br \/>Sammanfattningsvis tyckte Eva att han sp\u00e5rade j\u00e4ttebra och tycker absolut att vi ska g\u00f6ra anlagsprov! S\u00e5 kul!<br \/>V\u00e5r forts\u00e4ttningskurs b\u00f6rjar n\u00e4sta s\u00f6ndag och d\u00e5 kommer Pia att prata med oss om anm\u00e4lningen till anlagsprovet. Jag har blivit medlem i SSRK f\u00f6r att det inte ska bli n\u00e5t strul med anm\u00e4lning och domare och s\u00e5. P\u00e5 forts\u00e4ttningskursen ska vi g\u00f6ra vinkel med bloduppeh\u00e5ll, tillbakag\u00e5ng (en \u00e5terv\u00e4ndsgr\u00e4nd d\u00e4r man g\u00e5r cirka tio meter och v\u00e4nder tillbaka parallellt utan att bloda \u00e5terv\u00e4gen) och skott. Nu blir det ju skott redan p\u00e5 l\u00f6rdag p\u00e5 MH, hoppas verkligen det g\u00e5r bra.<br \/>Om jag hinner tror jag att jag ska l\u00e4gga tv\u00e5 korta sp\u00e5r i veckan, mest f\u00f6r att tr\u00e4na sp\u00e5rslut. Jag har ju tv\u00e5 skankar i frysen, s\u00e5 det borde jag kunna fixa i vilken skogsdunge som helst i n\u00e4rheten och k\u00f6ra dem efter varandra. Det k\u00e4nns lite illa att han missat skanken tv\u00e5 g\u00e5nger i rad n\u00e4r han g\u00e5r s\u00e5 kanon f\u00f6r \u00f6vrigt.<br \/>V\u00e4l tillbaka vid cykeln tr\u00e4ffade vi Rutan som skulle g\u00e5 efter oss. Den lilla borderterriern var i slutet av vecka 2 p\u00e5 sin l\u00f6pning, s\u00e5 jag bad att Kasper skulle f\u00e5 tr\u00e4ffa henne. Ett utomordentligt tillf\u00e4lle att testa kastreringens effekter! De b\u00f6rjade leka som de brukar, men Kasper var inte mer p\u00e5 \u00e4n han \u00e4r i vanliga fall med leksugna hundar, s\u00e5 det k\u00e4ndes kanon!<br \/>Det m\u00e4rktes p\u00e5 cyklingen tillbaka att Kasper var tr\u00f6tt, s\u00e5 vi h\u00f6ll ner hastigheten lite. H\u00e4r hemma bel\u00f6nades han med ett nytt ben som han nu f\u00f6rn\u00f6jt ligger och gnager p\u00e5.<br \/>Nu h\u00e5ller vi tummarna f\u00f6r de G\u00f6t\u00e4ngenshundar som g\u00e5r MH idag.<\/p>\n","protected":false},"excerpt":{"rendered":"<p>Idag var det d\u00e5 \u00e4ntligen dags f\u00f6r det uppskjutna viltsp\u00e5rprovet d\u00e4r v\u00e5ra kursledare skulle se om vi \u00e4r mogna att g\u00e5 upp i anlagsklass. Nu \u00e4r det bara lite sn\u00f6 kvar h\u00e4r och d\u00e4r i skogen, mycket b\u00e4ttre f\u00f6ruts\u00e4ttningar \u00e4n f\u00f6rra helgen.Dessutom var m\u00f6tesplatsen flyttad till ett industriomr\u00e5de bara tre kilometer h\u00e4rifr\u00e5n, s\u00e5 Kasper och [&hellip;]<\/p>\n","protected":false},"author":1,"featured_media":0,"comment_status":"open","ping_status":"open","sticky":false,"template":"","format":"standard","meta":[],"categories":[10,201,123],"tags":[],"_links":{"self":[{"href":"http:\/\/www.heljesten.nu\/index.php?rest_route=\/wp\/v2\/posts\/1046"}],"collection":[{"href":"http:\/\/www.heljesten.nu\/index.php?rest_route=\/wp\/v2\/posts"}],"about":[{"href":"http:\/\/www.heljesten.nu\/index.php?rest_route=\/wp\/v2\/types\/post"}],"author":[{"embeddable":true,"href":"http:\/\/www.heljesten.nu\/index.php?rest_route=\/wp\/v2\/users\/1"}],"replies":[{"embeddable":true,"href":"http:\/\/www.heljesten.nu\/index.php?rest_route=%2Fwp%2Fv2%2Fcomments&post=1046"}],"version-history":[{"count":0,"href":"http:\/\/www.heljesten.nu\/index.php?rest_route=\/wp\/v2\/posts\/1046\/revisions"}],"wp:attachment":[{"href":"http:\/\/www.heljesten.nu\/index.php?rest_route=%2Fwp%2Fv2%2Fmedia&parent=1046"}],"wp:term":[{"taxonomy":"category","embeddable":true,"href":"http:\/\/www.heljesten.nu\/index.php?rest_route=%2Fwp%2Fv2%2Fcategories&post=1046"},{"taxonomy":"post_tag","embeddable":true,"href":"http:\/\/www.heljesten.nu\/index.php?rest_route=%2Fwp%2Fv2%2Ftags&post=1046"}],"curies":[{"name":"wp","href":"https:\/\/api.w.org\/{rel}","templated":true}]}}