{"id":1037,"date":"2009-03-31T20:14:00","date_gmt":"2009-03-31T18:14:00","guid":{"rendered":"http:\/\/www.heljesten.nu\/?p=1037"},"modified":"2009-03-31T20:14:00","modified_gmt":"2009-03-31T18:14:00","slug":"toffelhjalte","status":"publish","type":"post","link":"http:\/\/www.heljesten.nu\/?p=1037","title":{"rendered":"Toffelhj\u00e4lte"},"content":{"rendered":"<p>Kom just hem efter att ha sett Marley och jag p\u00e5 bio. Ungef\u00e4r som boken \u2013 gillar man hundar och st\u00e5r ut med att den \u00e4r lite larvig, men ocks\u00e5 lite sorglig s\u00e5 \u00e4r den ocks\u00e5 emellan\u00e5t r\u00e4tt kul och helt okej som familjefilm. Tre hundben f\u00e5r den.<\/p>\n<p>Kasper hade under tiden tagit min ena f\u00e5rskinnstoffel och sm\u00e5naggade p\u00e5 den. Inte bet, utan just sm\u00e5naggade, s\u00e5 d\u00e4r som han g\u00f6r n\u00e4r han vet att han inte f\u00e5r bita, men \u00e4nd\u00e5 vill mysa lite. Finns det andra g\u00e5rdshundar som g\u00f6r s\u00e5?<\/p>\n<p>Jag tog toffeln, pekade p\u00e5 den och sade \u201dtoffel\u201d s\u00e5 d\u00e4r tv\u00e5, tre g\u00e5nger. Han hade aldrig h\u00f6rt det ordet f\u00f6rut. Sen pekade jag bort\u00e5t d\u00e4r jag s\u00e5g att den andra toffeln l\u00e5g och sade \u201dVar \u00e4r toffeln? S\u00f6k toffeln!\u201d<br \/>Kasper sprang genast iv\u00e4g fram till den andra toffeln och nosade. \u201dBra, kom med toffeln!\u201d D\u00e5 tog han den och kom tillbaka till mig med den med det samma. L\u00e4mnade snyggt av den framf\u00f6r f\u00f6tterna. Utan att vi tr\u00e4nat detta \u00f6ver huvud taget innan!<\/p>\n<p>Vilken duktig toffelhj\u00e4lte! <span style=\"font-size:78%;\">Kaspiskt ordspr\u00e5k<\/span><\/p>\n","protected":false},"excerpt":{"rendered":"<p>Kom just hem efter att ha sett Marley och jag p\u00e5 bio. Ungef\u00e4r som boken \u2013 gillar man hundar och st\u00e5r ut med att den \u00e4r lite larvig, men ocks\u00e5 lite sorglig s\u00e5 \u00e4r den ocks\u00e5 emellan\u00e5t r\u00e4tt kul och helt okej som familjefilm. Tre hundben f\u00e5r den. Kasper hade under tiden tagit min ena [&hellip;]<\/p>\n","protected":false},"author":1,"featured_media":0,"comment_status":"open","ping_status":"open","sticky":false,"template":"","format":"standard","meta":[],"categories":[10,198,199],"tags":[],"_links":{"self":[{"href":"http:\/\/www.heljesten.nu\/index.php?rest_route=\/wp\/v2\/posts\/1037"}],"collection":[{"href":"http:\/\/www.heljesten.nu\/index.php?rest_route=\/wp\/v2\/posts"}],"about":[{"href":"http:\/\/www.heljesten.nu\/index.php?rest_route=\/wp\/v2\/types\/post"}],"author":[{"embeddable":true,"href":"http:\/\/www.heljesten.nu\/index.php?rest_route=\/wp\/v2\/users\/1"}],"replies":[{"embeddable":true,"href":"http:\/\/www.heljesten.nu\/index.php?rest_route=%2Fwp%2Fv2%2Fcomments&post=1037"}],"version-history":[{"count":0,"href":"http:\/\/www.heljesten.nu\/index.php?rest_route=\/wp\/v2\/posts\/1037\/revisions"}],"wp:attachment":[{"href":"http:\/\/www.heljesten.nu\/index.php?rest_route=%2Fwp%2Fv2%2Fmedia&parent=1037"}],"wp:term":[{"taxonomy":"category","embeddable":true,"href":"http:\/\/www.heljesten.nu\/index.php?rest_route=%2Fwp%2Fv2%2Fcategories&post=1037"},{"taxonomy":"post_tag","embeddable":true,"href":"http:\/\/www.heljesten.nu\/index.php?rest_route=%2Fwp%2Fv2%2Ftags&post=1037"}],"curies":[{"name":"wp","href":"https:\/\/api.w.org\/{rel}","templated":true}]}}