{"id":1035,"date":"2009-04-04T16:40:00","date_gmt":"2009-04-04T14:40:00","guid":{"rendered":"http:\/\/www.heljesten.nu\/?p=1035"},"modified":"2009-04-04T16:40:00","modified_gmt":"2009-04-04T14:40:00","slug":"varen-ar-har","status":"publish","type":"post","link":"http:\/\/www.heljesten.nu\/?p=1035","title":{"rendered":"V\u00e5ren \u00e4r h\u00e4r"},"content":{"rendered":"<p>Idag har det varit ett h\u00e4rligt v\u00e5rv\u00e4der, p\u00e5 eftermiddagen var det 16 grader, antagligen \u00e4nnu mer lite tidigare p\u00e5 dagen. Jag har mest \u00e4gnat mig \u00e5t icke-hundiska saker, som att \u00f6vningsk\u00f6ra med dottern, k\u00f6pa pens\u00e9er och planteringsjord, handla i T\u00e4by C, k\u00f6pa lite nya krukor. Kasper har \u00e4gnat st\u00f6rre delen av dagen \u00e5t att b\u00e4ttra p\u00e5 sin solbr\u00e4nna.<br \/>P\u00e5 eftermiddagen skulle blommorna planteras. D\u00e5 var Kasper med, f\u00f6rst\u00e5s, och skulle kolla att allt gick r\u00e4tt till.<br \/>N\u00e4r jag \u00f6ppnade en jordp\u00e5se med spaden spr\u00e4tte det lite jord. D\u00e5 sk\u00e4llde Kasper till ett par g\u00e5nger \u2013 det kanske var farligt! N\u00e5got som attackerade matte? Sen fick han komma fram och nosa, och d\u00e5 var det helt okej. Matte hade ju k\u00f6pt naturg\u00f6dslad jord, och det smakade ju inte alls dumt.<br \/>N\u00e4r jag sen b\u00f6rjade plantera pens\u00e9erna blev det m\u00e4ngder av sm\u00e5 skojiga svarta plastgrejer \u00f6ver. De kunde man ju norpa \u00e5t sig och springa och lattja med. Efter fem tyckte jag det r\u00e4ckte, och l\u00e4rde ist\u00e4llet ut att de d\u00e4r roliga plastgrejerna hette kruka. Sen fick han vackert apportera in de fem krukorna, och det gick j\u00e4ttebra. Eller, iallafall fyra och en halv. Den sista ville han pl\u00f6tsligt ha dragkamp med, och t\u00e5liga \u00e4r de ju inte, s\u00e5 jag blev st\u00e5ende med ena halvan medan Kasper lyckligt lattjade iv\u00e4g igen med den andra.<br \/>N\u00e4r husse sen kom hem och jag skulle visa att Kasper l\u00e4rt sig att apportera krukor, gjorde han det givetvis inte alls l\u00e4ngre.<\/p>\n","protected":false},"excerpt":{"rendered":"<p>Idag har det varit ett h\u00e4rligt v\u00e5rv\u00e4der, p\u00e5 eftermiddagen var det 16 grader, antagligen \u00e4nnu mer lite tidigare p\u00e5 dagen. Jag har mest \u00e4gnat mig \u00e5t icke-hundiska saker, som att \u00f6vningsk\u00f6ra med dottern, k\u00f6pa pens\u00e9er och planteringsjord, handla i T\u00e4by C, k\u00f6pa lite nya krukor. Kasper har \u00e4gnat st\u00f6rre delen av dagen \u00e5t att b\u00e4ttra [&hellip;]<\/p>\n","protected":false},"author":1,"featured_media":0,"comment_status":"open","ping_status":"open","sticky":false,"template":"","format":"standard","meta":[],"categories":[10],"tags":[],"_links":{"self":[{"href":"http:\/\/www.heljesten.nu\/index.php?rest_route=\/wp\/v2\/posts\/1035"}],"collection":[{"href":"http:\/\/www.heljesten.nu\/index.php?rest_route=\/wp\/v2\/posts"}],"about":[{"href":"http:\/\/www.heljesten.nu\/index.php?rest_route=\/wp\/v2\/types\/post"}],"author":[{"embeddable":true,"href":"http:\/\/www.heljesten.nu\/index.php?rest_route=\/wp\/v2\/users\/1"}],"replies":[{"embeddable":true,"href":"http:\/\/www.heljesten.nu\/index.php?rest_route=%2Fwp%2Fv2%2Fcomments&post=1035"}],"version-history":[{"count":0,"href":"http:\/\/www.heljesten.nu\/index.php?rest_route=\/wp\/v2\/posts\/1035\/revisions"}],"wp:attachment":[{"href":"http:\/\/www.heljesten.nu\/index.php?rest_route=%2Fwp%2Fv2%2Fmedia&parent=1035"}],"wp:term":[{"taxonomy":"category","embeddable":true,"href":"http:\/\/www.heljesten.nu\/index.php?rest_route=%2Fwp%2Fv2%2Fcategories&post=1035"},{"taxonomy":"post_tag","embeddable":true,"href":"http:\/\/www.heljesten.nu\/index.php?rest_route=%2Fwp%2Fv2%2Ftags&post=1035"}],"curies":[{"name":"wp","href":"https:\/\/api.w.org\/{rel}","templated":true}]}}