{"id":1031,"date":"2009-04-08T13:32:00","date_gmt":"2009-04-08T11:32:00","guid":{"rendered":"http:\/\/www.heljesten.nu\/?p=1031"},"modified":"2009-04-08T13:32:00","modified_gmt":"2009-04-08T11:32:00","slug":"traning-i-stenskogen","status":"publish","type":"post","link":"http:\/\/www.heljesten.nu\/?p=1031","title":{"rendered":"Tr\u00e4ning i stenskogen"},"content":{"rendered":"<p>Vid lunchtid tittade solen fram, v\u00e4rmen steg till 8,5 grad i skuggan, och inspirerade mig att promenera upp till stenskogen. F\u00f6rra g\u00e5ngen vi var d\u00e4r var det isbana p\u00e5 stigarna och jag v\u00e5gade knappt ha Kasper l\u00f6s av r\u00e4dsla att han skulle halka p\u00e5 alla stenar.<br \/>Idag var det torrt och fint och jag passade p\u00e5 att tr\u00e4na lite. Han blir allt b\u00e4ttre p\u00e5 att inte stressa upp sig n\u00e4r vi kommer till skogen. Tidigare drog han som en idiot i kopplet n\u00e4r han fattade vart vi var p\u00e5 v\u00e4g, oavsett korrigeringsmetod. Nu var han glad, men s\u00e5 pass lugn att jag v\u00e5gade sl\u00e4ppa. N\u00e4r han f\u00e5tt springa av sig n\u00e5gra minuter satte jag honom. Inspirerad av Tina och andra labbebloggar (tack!) gjorde jag en lite sv\u00e5rare apport\u00f6vning \u00e4n vanligt (url\u00e4tt ur labbe\u00f6gon sett, f\u00f6rst\u00e5s). Kastade f\u00f6rst en mjuknalle \u00e5t h\u00f6ger medan Kasper s\u00e5g p\u00e5, sen en repboll till v\u00e4nster. Sen pekade jag mot nallen och l\u00e4t honom springa ut och h\u00e4mta den. N\u00e4r han kom tillbaka med den fick han ist\u00e4llet springa ut och ta repbollen, som vi sen kampade med som bel\u00f6ning. D\u00e4refter fick han Fri igen i syfte att st\u00e4rka lek som bel\u00f6ningsmetod i skogen. Det k\u00e4ndes verkligen j\u00e4ttebra!<br \/>D\u00e4rut\u00f6ver blev det n\u00e5gra godistr\u00e4d, lite godis- och leksakss\u00f6k p\u00e5 stora stenar och lite Stanna och inkallningar.<br \/>Nu hoppas jag bara att agilitykursen drar ig\u00e5ng snart, vi v\u00e4ntar p\u00e5 torr plan. Men det ser ju lovande ut!<\/p>\n","protected":false},"excerpt":{"rendered":"<p>Vid lunchtid tittade solen fram, v\u00e4rmen steg till 8,5 grad i skuggan, och inspirerade mig att promenera upp till stenskogen. F\u00f6rra g\u00e5ngen vi var d\u00e4r var det isbana p\u00e5 stigarna och jag v\u00e5gade knappt ha Kasper l\u00f6s av r\u00e4dsla att han skulle halka p\u00e5 alla stenar.Idag var det torrt och fint och jag passade p\u00e5 [&hellip;]<\/p>\n","protected":false},"author":1,"featured_media":0,"comment_status":"open","ping_status":"open","sticky":false,"template":"","format":"standard","meta":[],"categories":[47,10,30,197],"tags":[],"_links":{"self":[{"href":"http:\/\/www.heljesten.nu\/index.php?rest_route=\/wp\/v2\/posts\/1031"}],"collection":[{"href":"http:\/\/www.heljesten.nu\/index.php?rest_route=\/wp\/v2\/posts"}],"about":[{"href":"http:\/\/www.heljesten.nu\/index.php?rest_route=\/wp\/v2\/types\/post"}],"author":[{"embeddable":true,"href":"http:\/\/www.heljesten.nu\/index.php?rest_route=\/wp\/v2\/users\/1"}],"replies":[{"embeddable":true,"href":"http:\/\/www.heljesten.nu\/index.php?rest_route=%2Fwp%2Fv2%2Fcomments&post=1031"}],"version-history":[{"count":0,"href":"http:\/\/www.heljesten.nu\/index.php?rest_route=\/wp\/v2\/posts\/1031\/revisions"}],"wp:attachment":[{"href":"http:\/\/www.heljesten.nu\/index.php?rest_route=%2Fwp%2Fv2%2Fmedia&parent=1031"}],"wp:term":[{"taxonomy":"category","embeddable":true,"href":"http:\/\/www.heljesten.nu\/index.php?rest_route=%2Fwp%2Fv2%2Fcategories&post=1031"},{"taxonomy":"post_tag","embeddable":true,"href":"http:\/\/www.heljesten.nu\/index.php?rest_route=%2Fwp%2Fv2%2Ftags&post=1031"}],"curies":[{"name":"wp","href":"https:\/\/api.w.org\/{rel}","templated":true}]}}