{"id":1000,"date":"2009-05-15T14:47:00","date_gmt":"2009-05-15T12:47:00","guid":{"rendered":"http:\/\/www.heljesten.nu\/?p=1000"},"modified":"2009-05-15T14:47:00","modified_gmt":"2009-05-15T12:47:00","slug":"fredagspromenad-i-frosunda","status":"publish","type":"post","link":"http:\/\/www.heljesten.nu\/?p=1000","title":{"rendered":"Fredagspromenad i Fr\u00f6sunda"},"content":{"rendered":"<div>Sista tr\u00e4ningspromenaden i Fr\u00f6sunda. Den var som vanligt nyttig och givande.<\/div>\n<p><\/p>\n<div>Det \u00e4r stor skillnad p\u00e5 att tr\u00e4ffa en best\u00e4md och konstant hundgrupp mot att, som ig\u00e5r, se nya hundar hela tiden. Kasper \u00e4r mycket lugnare och mer fokuserad n\u00e4r han har koll p\u00e5 vilka som \u00e4r d\u00e4r. Det var en fin dag, om \u00e4n lite bl\u00e5sig. Vi tr\u00e4nade mycket kontakt och h\u00e5lla sig vid v\u00e4nsterbenet, oavsett vad matte gjorde, utmed l\u00e5ng grusv\u00e4g. Sen ligg med fem hundar p\u00e5 ca 5 m avst\u00e5nd. <\/div>\n<p><a href=\"http:\/\/1.bp.blogspot.com\/_GkK1i6dbjdc\/Sg1zKVt0NvI\/AAAAAAAABgQ\/NWrnIQ3hz08\/s1600-h\/20090515.jpg\"><img decoding=\"async\" style=\"TEXT-ALIGN: center; MARGIN: 0px auto 10px; WIDTH: 400px; DISPLAY: block; HEIGHT: 300px; CURSOR: hand\" id=\"BLOGGER_PHOTO_ID_5336047754969102066\" border=\"0\" alt=\"\" src=\"http:\/\/1.bp.blogspot.com\/_GkK1i6dbjdc\/Sg1zKVt0NvI\/AAAAAAAABgQ\/NWrnIQ3hz08\/s400\/20090515.jpg\" \/><\/a><em> Fotat med mobil, men man kan iallafall skymta Kasper som andra hund i h\u00f6gerkanten. Skulle ta en bild till, men av n\u00e5gon anledning gick videol\u00e4get ig\u00e5ng d\u00e5, s\u00e5 det blev en kort videosnutt ist\u00e4llet &#8230;<\/em><\/p>\n<div><\/div>\n<p><\/p>\n<p><object width=\"320\" height=\"266\" id=\"BLOG_video-7ec31a9b734803a5\" class codebase=\"http:\/\/download.macromedia.com\/pub\/shockwave\/cabs\/flash\/swflash.cab#version=6,0,40,0\"><param name=\"movie\" value=\"\/\/www.youtube.com\/get_player\"><param name=\"bgcolor\" value=\"#FFFFFF\"><param name=\"allowfullscreen\" value=\"true\"><param name=\"flashvars\" value=\"flvurl=http:\/\/redirector.googlevideo.com\/videoplayback?id%3D7ec31a9b734803a5%26itag%3D5%26source%3Dblogger%26app%3Dblogger%26cmo%3Dsensitive_content%253Dyes%26ip%3D0.0.0.0%26ipbits%3D0%26expire%3D1357210697%26sparams%3Did,itag,source,ip,ipbits,expire%26signature%3D1B7FA7B3E49296C59D930E37649A7E2D5D2757A7.FCF1F9B2F5B0D588B038D175188785910656452%26key%3Dck1&#038;iurl=http:\/\/video.google.com\/ThumbnailServer2?app%3Dblogger%26contentid%3D7ec31a9b734803a5%26offsetms%3D5000%26itag%3Dw160%26sigh%3Dv89bAcePMJ-mBAPwuHXK_tPTKkQ&#038;autoplay=0&#038;ps=blogger\"><embed src=\"\/\/www.youtube.com\/get_player\" type=\"application\/x-shockwave-flash\" width=\"320\" height=\"266\" bgcolor=\"#FFFFFF\" flashvars=\"flvurl=http:\/\/redirector.googlevideo.com\/videoplayback?id%3D7ec31a9b734803a5%26itag%3D5%26source%3Dblogger%26app%3Dblogger%26cmo%3Dsensitive_content%253Dyes%26ip%3D0.0.0.0%26ipbits%3D0%26expire%3D1357210697%26sparams%3Did,itag,source,ip,ipbits,expire%26signature%3D1B7FA7B3E49296C59D930E37649A7E2D5D2757A7.FCF1F9B2F5B0D588B038D175188785910656452%26key%3Dck1&#038;iurl=http:\/\/video.google.com\/ThumbnailServer2?app%3Dblogger%26contentid%3D7ec31a9b734803a5%26offsetms%3D5000%26itag%3Dw160%26sigh%3Dv89bAcePMJ-mBAPwuHXK_tPTKkQ&#038;autoplay=0&#038;ps=blogger\" allowFullScreen=\"true\" \/><\/object><\/p>\n<p>Eva f\u00f6rs\u00f6kte f\u00e5 oss att tr\u00e4na l\u00e4ggande under g\u00e5ng, men se det fattade Kasper inte alls i denna nya milj\u00f6. Hemma har jag b\u00f6rjat f\u00e5 skaplig respons p\u00e5 det, men h\u00e4r skulle man sitta f\u00f6rst, undra lite, och s\u00e5 l\u00e5ngsamt l\u00e4gga sig ned &#8230; Jaja, inte v\u00e4rldens viktigaste sak just nu &#8230;<\/p>\n<p>Sen f\u00f6ljde vi en l\u00e5ng, n\u00e4stan obefintlig, stig ned till liten sj\u00f6, d\u00e4r vi fikade. Vi hade n\u00e5gra l\u00f6sa hundar under promenaden (Kasper drog iv\u00e4g f\u00f6r l\u00e5ngt och nedgraderades till l\u00e5nglina, d\u00e5 gick han hur prydligt som helst; han \u00e4r mycket medveten om han har n\u00e5t i halsbandet eller inte&#8230;), sen lek p\u00e5 \u00e4ng med h\u00f6ga tuvor. Vid det laget var t.o.m. Kasper r\u00e4tt spak.<\/p>\n<p>Det g\u00e5r riktigt skapligt i den h\u00e4r hundgruppen d\u00e4r alla l\u00e4rt k\u00e4nna varandra nu, det \u00e4r st\u00e4llen (som p\u00e5 agilityplanen ig\u00e5r) d\u00e4r det hela tiden kommer in nya hundar inom synh\u00e5ll som blir f\u00f6r sv\u00e5ra retningar.<\/p>\n<p>Jag kommer att g\u00e5 de tv\u00e5 g\u00e5nger som \u00e4r kvar i SoSu innan vi \u00e5ker till Frankrike f\u00f6r att l\u00e4ra oss alla hindren b\u00e4ttre, men jag r\u00e4knar inte med att kunna k\u00f6ra bana i n\u00e5gon st\u00f6rre omfattning. Jag m\u00e5ste ta mig en allvarlig funderare p\u00e5 hur jag ska g\u00f6ra med agilityn fram\u00f6ver: hittar jag inte en enklare milj\u00f6 att h\u00e5lla till p\u00e5 f\u00e5r jag l\u00e4gga agilityplanerna p\u00e5 hyllan, f\u00f6r det k\u00e4nns som alltf\u00f6r h\u00f6g \u00f6verkurs f\u00f6r Kasper just nu.<\/p>\n<p>Nu ska vi bara vila inf\u00f6r anlagsprovet imorgon.<\/p>\n","protected":false},"excerpt":{"rendered":"<p>Sista tr\u00e4ningspromenaden i Fr\u00f6sunda. Den var som vanligt nyttig och givande. Det \u00e4r stor skillnad p\u00e5 att tr\u00e4ffa en best\u00e4md och konstant hundgrupp mot att, som ig\u00e5r, se nya hundar hela tiden. Kasper \u00e4r mycket lugnare och mer fokuserad n\u00e4r han har koll p\u00e5 vilka som \u00e4r d\u00e4r. Det var en fin dag, om \u00e4n [&hellip;]<\/p>\n","protected":false},"author":1,"featured_media":0,"comment_status":"open","ping_status":"open","sticky":false,"template":"","format":"standard","meta":[],"categories":[10,68,86,111],"tags":[],"_links":{"self":[{"href":"http:\/\/www.heljesten.nu\/index.php?rest_route=\/wp\/v2\/posts\/1000"}],"collection":[{"href":"http:\/\/www.heljesten.nu\/index.php?rest_route=\/wp\/v2\/posts"}],"about":[{"href":"http:\/\/www.heljesten.nu\/index.php?rest_route=\/wp\/v2\/types\/post"}],"author":[{"embeddable":true,"href":"http:\/\/www.heljesten.nu\/index.php?rest_route=\/wp\/v2\/users\/1"}],"replies":[{"embeddable":true,"href":"http:\/\/www.heljesten.nu\/index.php?rest_route=%2Fwp%2Fv2%2Fcomments&post=1000"}],"version-history":[{"count":0,"href":"http:\/\/www.heljesten.nu\/index.php?rest_route=\/wp\/v2\/posts\/1000\/revisions"}],"wp:attachment":[{"href":"http:\/\/www.heljesten.nu\/index.php?rest_route=%2Fwp%2Fv2%2Fmedia&parent=1000"}],"wp:term":[{"taxonomy":"category","embeddable":true,"href":"http:\/\/www.heljesten.nu\/index.php?rest_route=%2Fwp%2Fv2%2Fcategories&post=1000"},{"taxonomy":"post_tag","embeddable":true,"href":"http:\/\/www.heljesten.nu\/index.php?rest_route=%2Fwp%2Fv2%2Ftags&post=1000"}],"curies":[{"name":"wp","href":"https:\/\/api.w.org\/{rel}","templated":true}]}}